{"id":1095,"date":"2021-07-07T14:42:17","date_gmt":"2021-07-07T14:42:17","guid":{"rendered":"https:\/\/landverliebt.de\/magazin\/?p=1095"},"modified":"2025-01-09T22:36:12","modified_gmt":"2025-01-09T22:36:12","slug":"landverliebt-erfolgsgeschichte-maurice-und-melanie","status":"publish","type":"post","link":"https:\/\/landverliebt.de\/magazin\/landverliebt-erfolgsgeschichte-maurice-und-melanie\/","title":{"rendered":"Erfolgsgeschichte Maurice (40) und Melanie (30)"},"content":{"rendered":"\n<p>Melanies Wohnortangabe hat mein Interesse an ihrem Profil geweckt. Sie wohnt im gleichen Ort in Ober\u00f6sterreich wie ein Freund von mir. Ich wohne in der Steiermark. Zudem haben mir ihre Profilbilder sehr gut gefallen. Diese Kombination war der Grund sie anzuschreiben. Ihr Wohnort und meine Verbindung dazu war zudem der perfekte Einstieg in ein Gespr\u00e4ch.<\/p>\n\n\n\n<p>Wir haben ca. 3,5 Monate miteinander gechattet und uns ausgetauscht bevor wir uns dann getroffen haben.<\/p>\n\n\n<div class=\"wp-block-image\">\n<figure class=\"aligncenter size-large is-resized\"><img loading=\"lazy\" decoding=\"async\" width=\"1024\" height=\"768\" src=\"https:\/\/landverliebt.de\/magazin\/wp-content\/uploads\/sites\/32\/2021\/07\/IMG-20210614-WA0051-1-1024x768.jpg\" alt=\"Die Erfolgsgeschichte von Maurice und Melanie auf Landverliebt\" class=\"wp-image-1099\" style=\"width:512px;height:384px\" srcset=\"https:\/\/landverliebt.de\/magazin\/wp-content\/uploads\/sites\/32\/2021\/07\/IMG-20210614-WA0051-1-1024x768.jpg 1024w, https:\/\/landverliebt.de\/magazin\/wp-content\/uploads\/sites\/32\/2021\/07\/IMG-20210614-WA0051-1-300x225.jpg 300w, https:\/\/landverliebt.de\/magazin\/wp-content\/uploads\/sites\/32\/2021\/07\/IMG-20210614-WA0051-1-768x576.jpg 768w, https:\/\/landverliebt.de\/magazin\/wp-content\/uploads\/sites\/32\/2021\/07\/IMG-20210614-WA0051-1-1536x1152.jpg 1536w, https:\/\/landverliebt.de\/magazin\/wp-content\/uploads\/sites\/32\/2021\/07\/IMG-20210614-WA0051-1-800x600.jpg 800w, https:\/\/landverliebt.de\/magazin\/wp-content\/uploads\/sites\/32\/2021\/07\/IMG-20210614-WA0051-1-1200x900.jpg 1200w, https:\/\/landverliebt.de\/magazin\/wp-content\/uploads\/sites\/32\/2021\/07\/IMG-20210614-WA0051-1.jpg 1600w\" sizes=\"auto, (max-width: 1024px) 100vw, 1024px\" \/><figcaption class=\"wp-element-caption\">Erfolgsgeschichte Melanie und Maurice<\/figcaption><\/figure>\n<\/div>\n\n\n<p>Das erste Date fand bei Melanie Zuhause statt, als ich mit meinem Freund zur Jagd verabredet war. Er ist n\u00e4mlich Melanies Nachbar und ich wusste zwar vom H\u00f6ren-Sagen, dass sie im Nachbarhaus wohnt, aber wir sind uns nie pers\u00f6nlich begegnet. Seit \u00fcber 8 Jahren fahre ich schon regelm\u00e4\u00dfig zu meinem Freund nach Ober\u00f6sterreich zum Jagen, aber Melanie und ich sind uns einfach nie \u00fcber den Weg gelaufen. Das erste Treffen war f\u00fcr uns beide sehr aufregend. Wir sind uns mit weichen und zitternden Knien gegen\u00fcbergestanden. Aber schon bald hat sich die Anspannung gel\u00f6st. Wir sind erstmal mit meinem Hund spazieren gegangen, um unsere Aufregung etwas zu l\u00f6sen. Danach sind wir zu Melanie nach Hause und haben den restlichen Abend dort verbracht und uns super verstanden und von Anfang an eine tolle Gespr\u00e4chsbasis gehabt.<\/p>\n\n\n\n<p>Nach dem ersten Treffen sind dann zwei Wochen vergangen bis zum zweiten Date. Da hat sie mich in der Steiermark besucht, wo wir viel spazieren und wandern waren und ein sch\u00f6nes Wochenende miteinander verbracht haben.<\/p>\n\n\n<div class=\"wp-block-image\">\n<figure class=\"aligncenter size-large is-resized\"><img loading=\"lazy\" decoding=\"async\" width=\"768\" height=\"1024\" src=\"https:\/\/landverliebt.de\/magazin\/wp-content\/uploads\/sites\/32\/2021\/07\/IMG-20210615-WA0026-768x1024.jpg\" alt=\"Die Erfolgsgeschichte von Maurice und Melanie auf Landverliebt\" class=\"wp-image-1097\" style=\"width:384px;height:512px\" srcset=\"https:\/\/landverliebt.de\/magazin\/wp-content\/uploads\/sites\/32\/2021\/07\/IMG-20210615-WA0026-768x1024.jpg 768w, https:\/\/landverliebt.de\/magazin\/wp-content\/uploads\/sites\/32\/2021\/07\/IMG-20210615-WA0026-225x300.jpg 225w, https:\/\/landverliebt.de\/magazin\/wp-content\/uploads\/sites\/32\/2021\/07\/IMG-20210615-WA0026-1152x1536.jpg 1152w, https:\/\/landverliebt.de\/magazin\/wp-content\/uploads\/sites\/32\/2021\/07\/IMG-20210615-WA0026.jpg 1200w\" sizes=\"auto, (max-width: 768px) 100vw, 768px\" \/><figcaption class=\"wp-element-caption\">Melanie und Maurice<\/figcaption><\/figure>\n<\/div>\n\n\n<p>Wir passen echt gut zusammen. Wir sind beide tierlieb, naturliebend, verst\u00e4ndnisvoll dem anderen gegen\u00fcber, haben oft dieselben Ansichten und Meinungen und wir k\u00f6nnen beide &#8220;abschalten&#8221; bzw. entspannen, wenn wir zusammen sind. Von Beginn an herrschte eine gro\u00dfe Vertrautheit zwischen uns, die unsere Beziehung trotz der Entfernung sehr positiv beeinflusst.<\/p>\n\n\n\n<p>Melanie hat eine Katze und ein Pferd, ich einen Hund. Wir arbeiten schon jetzt gemeinsam daran, dass sich mein Hund und ihre Katze verstehen, denn ein Zusammenziehen steht schon im Raum. &nbsp;&nbsp;&nbsp;Des Weiteren bin ich sehr froh, dass Melanie meine zwei Kinder akzeptiert und sie auch mit Melanie gut klarkommen. Auch meine Freunde und Bekannte haben Melanie schon kennengelernt und m\u00f6gen sie.<\/p>\n\n\n\n<p>Wir sagen auch von Anfang an schon offen heraus, wenn etwas nicht passt oder es etwas gibt wor\u00fcber man sprechen sollte. Derzeit f\u00fchren wir noch eine Fernbeziehung mit gegenseitigen Besuchen an den Wochenenden. Das funktioniert auch wirklich gut, da jeder unter der Woche seine Sachen erledigen kann und wir dann die Wochenenden f\u00fcr uns haben.<\/p>\n\n\n\n<p>Unsere Zukunftspl\u00e4ne sind noch eher kurzgehalten. Es hat schon Andeutungen und Gespr\u00e4che gegeben und fr\u00fcher oder sp\u00e4ter m\u00fcssen Entscheidungen getroffen werden, da kommen wir nicht drumherum. Aber derzeit genie\u00dfen wir einfach die gemeinsame Zeit und wir lassen es einfach stressfrei auf uns zukommen.<\/p>\n\n\n\n<div class=\"wp-block-buttons is-layout-flex wp-block-buttons-is-layout-flex\">\n<div class=\"wp-block-button\"><a class=\"wp-block-button__link has-white-color has-text-color has-background wp-element-button\" href=\"https:\/\/landverliebt.de\/?AID=magazin_erfolgsgeschichte_mauriceundmelanie\" style=\"background-color:#aa1e23\" target=\"_blank\" rel=\"noreferrer noopener\">Zu Landverliebt<\/a><\/div>\n<\/div>\n","protected":false},"excerpt":{"rendered":"<p>Melanies Wohnortangabe hat mein Interesse an ihrem Profil geweckt. Sie wohnt im gleichen Ort in Ober\u00f6sterreich wie ein Freund von mir. Ich wohne in der&#8230;<\/p>\n","protected":false},"author":12,"featured_media":1096,"comment_status":"closed","ping_status":"closed","sticky":false,"template":"","format":"standard","meta":{"footnotes":""},"categories":[355],"tags":[],"class_list":["post-1095","post","type-post","status-publish","format-standard","has-post-thumbnail","hentry","category-erfolgsgeschichten"],"_links":{"self":[{"href":"https:\/\/landverliebt.de\/magazin\/wp-json\/wp\/v2\/posts\/1095","targetHints":{"allow":["GET"]}}],"collection":[{"href":"https:\/\/landverliebt.de\/magazin\/wp-json\/wp\/v2\/posts"}],"about":[{"href":"https:\/\/landverliebt.de\/magazin\/wp-json\/wp\/v2\/types\/post"}],"author":[{"embeddable":true,"href":"https:\/\/landverliebt.de\/magazin\/wp-json\/wp\/v2\/users\/12"}],"replies":[{"embeddable":true,"href":"https:\/\/landverliebt.de\/magazin\/wp-json\/wp\/v2\/comments?post=1095"}],"version-history":[{"count":5,"href":"https:\/\/landverliebt.de\/magazin\/wp-json\/wp\/v2\/posts\/1095\/revisions"}],"predecessor-version":[{"id":1654,"href":"https:\/\/landverliebt.de\/magazin\/wp-json\/wp\/v2\/posts\/1095\/revisions\/1654"}],"wp:featuredmedia":[{"embeddable":true,"href":"https:\/\/landverliebt.de\/magazin\/wp-json\/wp\/v2\/media\/1096"}],"wp:attachment":[{"href":"https:\/\/landverliebt.de\/magazin\/wp-json\/wp\/v2\/media?parent=1095"}],"wp:term":[{"taxonomy":"category","embeddable":true,"href":"https:\/\/landverliebt.de\/magazin\/wp-json\/wp\/v2\/categories?post=1095"},{"taxonomy":"post_tag","embeddable":true,"href":"https:\/\/landverliebt.de\/magazin\/wp-json\/wp\/v2\/tags?post=1095"}],"curies":[{"name":"wp","href":"https:\/\/api.w.org\/{rel}","templated":true}]}}