{"id":1322,"date":"2022-06-20T11:54:35","date_gmt":"2022-06-20T11:54:35","guid":{"rendered":"https:\/\/landverliebt.de\/magazin\/?p=1322"},"modified":"2025-01-09T21:20:56","modified_gmt":"2025-01-09T21:20:56","slug":"erfolgsgeschichte-katja-und-benjamin","status":"publish","type":"post","link":"https:\/\/landverliebt.de\/magazin\/erfolgsgeschichte-katja-und-benjamin\/","title":{"rendered":"Erfolgsgeschichte Katja (33) und Benjamin (37)"},"content":{"rendered":"\n<p>Es scheint endlich reif gewesen zu sein einen Partner zu finden. Da ich gerne mehr auf dem Land wohnen m\u00f6chte und jemanden suche, der auch Naturverbunden ist, habe ich Landverliebt rausgesucht. Ich habe nach Sympathie und Matching initiativ ein kurzes Anschreiben verfasst und ein pragmatisch strukturiertes Kennenlernen vorgeschlagen. Ganz so strukturiert verlief es dann nicht: Es gab ein paar kleine aufregende H\u00fcrden bei Benjamin und mir.<\/p>\n\n\n\n<p>Ich tat mir am Anfang schwer locker zu lassen und das erste Treffen nicht zu schnell zu fordern, bei Benjamin war es die H\u00fcrde, sich nach einem ersten positiven Eindruck per Videotelefonie der echten Begegnung zu stellen. Er hat sich dann ein Herz gefasst die Verabredung auszumachen, als ich beschlossen hatte, im Zweifel auch zwei Monate zu warten. Da haben wir wohl angefangen den anderen und uns wichtiger zu nehmen als nur uns allein.<\/p>\n\n\n<div class=\"wp-block-image is-resized\">\n<figure class=\"aligncenter size-large\"><img loading=\"lazy\" decoding=\"async\" width=\"1024\" height=\"768\" src=\"https:\/\/landverliebt.de\/magazin\/wp-content\/uploads\/sites\/32\/2022\/06\/Katja-und-Benjamin3-1-1024x768.jpg\" alt=\"Ein Paar mit einer Erfolgsgeschichte dank Landverliebt: Katja und Benjamin bei einer Radtour\" class=\"wp-image-1326\" srcset=\"https:\/\/landverliebt.de\/magazin\/wp-content\/uploads\/sites\/32\/2022\/06\/Katja-und-Benjamin3-1-1024x768.jpg 1024w, https:\/\/landverliebt.de\/magazin\/wp-content\/uploads\/sites\/32\/2022\/06\/Katja-und-Benjamin3-1-300x225.jpg 300w, https:\/\/landverliebt.de\/magazin\/wp-content\/uploads\/sites\/32\/2022\/06\/Katja-und-Benjamin3-1-768x576.jpg 768w, https:\/\/landverliebt.de\/magazin\/wp-content\/uploads\/sites\/32\/2022\/06\/Katja-und-Benjamin3-1-800x600.jpg 800w, https:\/\/landverliebt.de\/magazin\/wp-content\/uploads\/sites\/32\/2022\/06\/Katja-und-Benjamin3-1-1200x900.jpg 1200w, https:\/\/landverliebt.de\/magazin\/wp-content\/uploads\/sites\/32\/2022\/06\/Katja-und-Benjamin3-1.jpg 1280w\" sizes=\"auto, (max-width: 1024px) 100vw, 1024px\" \/><figcaption class=\"wp-element-caption\">Katja und Benjamin bei einer Radtour<\/figcaption><\/figure>\n<\/div>\n\n\n<p>Silvester war unser erster Kontakt per Videotelefonie, knapp zwei Wochen sp\u00e4ter haben wir uns zum ersten Mal in echt gesehen. Wir haben uns in Berlin nahe meiner Wohnung auf einer Br\u00fccke \u00fcber dem Wasser getroffen, mit dem Ziel einen Markt zu besuchen.<\/p>\n\n\n\n<p>Mit Nervenkitzel haben wir herausgefunden, dass beiderseits die Aufregung darin bestand, dem anderen nicht n\u00e4her kommen zu d\u00fcrfen. Damit ist nicht eine sexuelle Anziehung gemeint, sondern so eine Sehnsucht nach einer tiefen Ruhe, einer Richtigkeit, einem Ankommen. Ich hatte eigentlich vermutet, ich habe vor zu schneller N\u00e4he Angst, aber dem war nicht so.<br>Es war schon sehr ungewohnt, sich intuitiv sehr z\u00fcgig nah aufeinander zu zubewegen, wo sich doch die Gesichter bei einem ersten Treffen noch sehr fremd sind und der Verstand \u00fcberall Bedenken einstreut. Das Gef\u00fchl miteinander hat aber einfach f\u00fcr uns beide zu 100% hingehauen, dagegen war nichts zu machen.<br>Dieses Gef\u00fchl sich endlich in einer Ruhe zusammengeh\u00f6rig zu f\u00fchlen und das entspannte Miteinander hat in den n\u00e4chsten Wochen flei\u00dfig angefangen etwaige H\u00fcrden aus fr\u00fcheren schlechten Erfahrungen auszur\u00e4umen. Wir beide haben in der Vergangenheit einige schmerzhafte Herz\u00f6ffnungen erlebt. Diese wurde aber getragen von unserer Zuwendung zueinander, von viel Echtheit und Ehrlichkeit, Verst\u00e4ndnis und ganz viel liebevollem Dasein.<br>Ich habe unterwegs die Matchingkonkurrenz mit 97% in den Wind geschlagen. Manchmal sind anscheinend 85% die passenden 100%. Gemeinsam haben wir St\u00fcck f\u00fcr St\u00fcck unsere beiden Wohnungen, die Wochenenden, die schlechte Tage, das fr\u00fches Aufstehen und auch einfach mal das nebeneinander her leben organisch erobert. Dabei haben wir einen tollen Humor, der zwischen uns m\u00f6glich ist und genie\u00dfen sehr viel entspannte Zeit.<\/p>\n\n\n<div class=\"wp-block-image is-resized\">\n<figure class=\"aligncenter size-large\"><img loading=\"lazy\" decoding=\"async\" width=\"1024\" height=\"768\" src=\"https:\/\/landverliebt.de\/magazin\/wp-content\/uploads\/sites\/32\/2022\/06\/Katja-und-Benjamin1-1024x768.jpg\" alt=\"Paar mit einer Erfolgsgeschichte dank Landverliebt: Katja und Benjamin\" class=\"wp-image-1323\" srcset=\"https:\/\/landverliebt.de\/magazin\/wp-content\/uploads\/sites\/32\/2022\/06\/Katja-und-Benjamin1-1024x768.jpg 1024w, https:\/\/landverliebt.de\/magazin\/wp-content\/uploads\/sites\/32\/2022\/06\/Katja-und-Benjamin1-300x225.jpg 300w, https:\/\/landverliebt.de\/magazin\/wp-content\/uploads\/sites\/32\/2022\/06\/Katja-und-Benjamin1-768x576.jpg 768w, https:\/\/landverliebt.de\/magazin\/wp-content\/uploads\/sites\/32\/2022\/06\/Katja-und-Benjamin1-1536x1152.jpg 1536w, https:\/\/landverliebt.de\/magazin\/wp-content\/uploads\/sites\/32\/2022\/06\/Katja-und-Benjamin1-2048x1536.jpg 2048w, https:\/\/landverliebt.de\/magazin\/wp-content\/uploads\/sites\/32\/2022\/06\/Katja-und-Benjamin1-800x600.jpg 800w, https:\/\/landverliebt.de\/magazin\/wp-content\/uploads\/sites\/32\/2022\/06\/Katja-und-Benjamin1-1200x900.jpg 1200w\" sizes=\"auto, (max-width: 1024px) 100vw, 1024px\" \/><figcaption class=\"wp-element-caption\">Katja und Benjamin<\/figcaption><\/figure>\n<\/div>\n\n\n<p>Katja: &#8220;Ich mag besonders an Benjamin, welchen Humor wir miteinander haben k\u00f6nnen und dass ich sehr alberne Sachen mit Benjamin teilen kann ohne jemals schief angeguckt zu werden. Abgesehen von seiner Akzeptanz zu mir mit allen m\u00f6glichen Seiten, die mich immer wieder erstaunt, gibt er auch h\u00e4ufig etwas zur\u00fcck, womit ich mich gut f\u00fchle oder wir sogar Spa\u00df haben mit unseren schr\u00e4gen Launen. Das sch\u00e4tze ich sehr. Ich mag auch, dass er Wege nicht scheut, dass er sehr durchhaltef\u00e4hig ist, was unsere Beziehung angeht und auch nach einer Eskalation nicht gleich das Handtuch wirft. Da habe ich schon gelernt, auf ihn zu vertrauen.&#8221;<\/p>\n\n\n\n<p>Benjamin: &#8220;Also ich mag an Katja, dass sie gro\u00df ist, schlank, unfassbar s\u00fc\u00df, aber auch sexy sein kann, dass sie intelligent ist, wei\u00df was sie will, auf ihre Werte achtet, dass sie offen, ehrlich und direkt ist.&#8221;<\/p>\n\n\n\n<p>Wir haben gerade ein kleines Projekt zusammen unternommen und waren zusammen auf einem Fahrradfestival. Wir m\u00f6chten n\u00e4chstes Jahr eine Reise nach Japan machen, das ist ein gr\u00f6\u00dferer Wunsch von Benjamin. In naher Zukunft m\u00f6chten wir au\u00dferdem gerne zusammenziehen. Wir w\u00fcnschen uns beide durch die Beziehung weiterhin mehr Ruhe und Entspannung im Leben, ein Umfeld mit Natur f\u00fcr uns und ich w\u00fcnsche mir einen Job in unserer zuk\u00fcnftigen Wohnumgebung und ein soziales Umfeld in dem ich mich wohl und integriert f\u00fchle.<\/p>\n\n\n<div class=\"wp-block-image is-resized\">\n<figure class=\"aligncenter size-large\"><img loading=\"lazy\" decoding=\"async\" width=\"1024\" height=\"768\" src=\"https:\/\/landverliebt.de\/magazin\/wp-content\/uploads\/sites\/32\/2022\/06\/Katja-und-Benjamin2-1024x768.jpg\" alt=\"Die Erfolgsgeschichte von Katja und Benjamin\" class=\"wp-image-1324\" srcset=\"https:\/\/landverliebt.de\/magazin\/wp-content\/uploads\/sites\/32\/2022\/06\/Katja-und-Benjamin2-1024x768.jpg 1024w, https:\/\/landverliebt.de\/magazin\/wp-content\/uploads\/sites\/32\/2022\/06\/Katja-und-Benjamin2-300x225.jpg 300w, https:\/\/landverliebt.de\/magazin\/wp-content\/uploads\/sites\/32\/2022\/06\/Katja-und-Benjamin2-768x576.jpg 768w, https:\/\/landverliebt.de\/magazin\/wp-content\/uploads\/sites\/32\/2022\/06\/Katja-und-Benjamin2-800x600.jpg 800w, https:\/\/landverliebt.de\/magazin\/wp-content\/uploads\/sites\/32\/2022\/06\/Katja-und-Benjamin2-1200x900.jpg 1200w, https:\/\/landverliebt.de\/magazin\/wp-content\/uploads\/sites\/32\/2022\/06\/Katja-und-Benjamin2.jpg 1280w\" sizes=\"auto, (max-width: 1024px) 100vw, 1024px\" \/><figcaption class=\"wp-element-caption\">Katja und Benjamin zusammen gl\u00fccklich<\/figcaption><\/figure>\n<\/div>\n\n\n<p><br>Ich hoffe, ihr w\u00fcnscht uns alle Gl\u00fcck f\u00fcr den weiteren Weg! Vielen Dank an das Landverliebt-Team und den Landwirtschaftsverlag f\u00fcr diese M\u00f6glichkeit sich auch kostenlos zu finden.<br><br>Ich m\u00f6chte auf jeden Fall gerne alle Suchenden ermutigen und dr\u00fccke euch die Daumen! Und f\u00fcr die Zeit bis zu einem Volltreffer sorgt gut f\u00fcr euch, verbindet euch auch vorher schon mit Menschen, um eventuelle Einsamkeit jemandem mitteilen zu k\u00f6nnen. Mir hat auch mein Glaube sehr viel geholfen, (obwohl ich erst neu darin bin, aber es war einfach in manchen Lebensthemen nichts zu machen alleine und das hat mich bewegt).<\/p>\n\n\n\n<div class=\"wp-block-buttons is-layout-flex wp-block-buttons-is-layout-flex\">\n<div class=\"wp-block-button\"><a class=\"wp-block-button__link has-white-color has-text-color has-background wp-element-button\" href=\"https:\/\/landverliebt.de\/?AID=magazin_erfolgsgeschichte_katjaundbenjamin\" style=\"background-color:#aa1e23\" target=\"_blank\" rel=\"noreferrer noopener\">Ich m\u00f6chte auch bei Landverliebt jemanden kennenlernen<\/a><\/div>\n<\/div>\n\n\n\n<p><br><br><br><\/p>\n","protected":false},"excerpt":{"rendered":"<p>Die Erfolgsgeschichte von Katja und Benjamin auf Landverliebt<\/p>\n","protected":false},"author":12,"featured_media":1324,"comment_status":"closed","ping_status":"closed","sticky":false,"template":"","format":"standard","meta":{"footnotes":""},"categories":[355],"tags":[],"class_list":["post-1322","post","type-post","status-publish","format-standard","has-post-thumbnail","hentry","category-erfolgsgeschichten"],"_links":{"self":[{"href":"https:\/\/landverliebt.de\/magazin\/wp-json\/wp\/v2\/posts\/1322","targetHints":{"allow":["GET"]}}],"collection":[{"href":"https:\/\/landverliebt.de\/magazin\/wp-json\/wp\/v2\/posts"}],"about":[{"href":"https:\/\/landverliebt.de\/magazin\/wp-json\/wp\/v2\/types\/post"}],"author":[{"embeddable":true,"href":"https:\/\/landverliebt.de\/magazin\/wp-json\/wp\/v2\/users\/12"}],"replies":[{"embeddable":true,"href":"https:\/\/landverliebt.de\/magazin\/wp-json\/wp\/v2\/comments?post=1322"}],"version-history":[{"count":7,"href":"https:\/\/landverliebt.de\/magazin\/wp-json\/wp\/v2\/posts\/1322\/revisions"}],"predecessor-version":[{"id":1648,"href":"https:\/\/landverliebt.de\/magazin\/wp-json\/wp\/v2\/posts\/1322\/revisions\/1648"}],"wp:featuredmedia":[{"embeddable":true,"href":"https:\/\/landverliebt.de\/magazin\/wp-json\/wp\/v2\/media\/1324"}],"wp:attachment":[{"href":"https:\/\/landverliebt.de\/magazin\/wp-json\/wp\/v2\/media?parent=1322"}],"wp:term":[{"taxonomy":"category","embeddable":true,"href":"https:\/\/landverliebt.de\/magazin\/wp-json\/wp\/v2\/categories?post=1322"},{"taxonomy":"post_tag","embeddable":true,"href":"https:\/\/landverliebt.de\/magazin\/wp-json\/wp\/v2\/tags?post=1322"}],"curies":[{"name":"wp","href":"https:\/\/api.w.org\/{rel}","templated":true}]}}