{"id":1410,"date":"2023-09-04T14:52:58","date_gmt":"2023-09-04T14:52:58","guid":{"rendered":"https:\/\/landverliebt.de\/magazin\/?p=1410"},"modified":"2025-01-12T19:41:48","modified_gmt":"2025-01-12T19:41:48","slug":"erfolgsgeschichte-jutta-und-heinz","status":"publish","type":"post","link":"https:\/\/landverliebt.de\/magazin\/erfolgsgeschichte-jutta-und-heinz\/","title":{"rendered":"Erfolgsgeschichte Jutta (64) und Heinz (75)"},"content":{"rendered":"\n<p>Heinz schrieb mir eine Nachricht auf Landverliebt, in der er auf mein Profil und unsere Wohnorte einging. Er fragte, ob wir zusammen einen Kaffee trinken gehen wollten, um uns besser kennenzulernen. Eigentlich bin ich eher zur\u00fcckhaltend, aber ich habe Heinz geantwortet, weil mir seine Nachricht so gut gefallen hat. An seinem Profil bei Landverliebt gefiel mir, dass er gerne drau\u00dfen in der Natur und im Wald ist und seine eigene Jagd hat.<br><br>Nach einigem Hin und Her fragte mich Heinz nach meiner Telefonnummer und da ich mich wohlf\u00fchlte, gab ich sie ihm auch. Wir kommunizierten weiter via WhatsApp und er schickte mir auch ein paar Fotos. Ich habe dann den ersten Schritt gewagt und ihn angerufen. Wir haben ein paar Mal miteinander telefoniert und dann ein Treffen vereinbart.<br><br>Da wir 110 Kilometer voneinander entfernt wohnen, haben wir beschlossen, uns in der Mitte zu treffen. Das erste Treffen war am 29. Juli. Leider haben wir kein Caf\u00e9 gefunden und haben dann kurzerhand beschlossen, uns einfach auf dem Parkplatz zu unterhalten. Wir hatten uns so viel zu erz\u00e4hlen, dass wir 5 Stunden auf dem Parkplatz verbrachten und ein wirklich sehr sch\u00f6nes Treffen hatten. Seine Angaben und Fotos von Landverliebt stimmten mit der Realit\u00e4t \u00fcberein und er war genau so, wie ich ihn mir vorgestellt hatte.<br><br>Ich bin krank und Heinz&nbsp;Frau ist bedauerlicherweise an genau dieser Krankheit gestorben. Als er mir das erz\u00e4hlte, wollte ich erst nicht, dass wir uns weiter kennenlernen, weil ich nicht wollte, dass er diese schlimme Zeit noch einmal mit jemandem durchmachen muss. Aber Heinz macht das nichts aus und auch er ist gesundheitlich angeschlagen.<br><br>Beim zweiten Treffen hat mich Heinz nach einer Untersuchung im Krankenhaus zu Hause besucht und ich habe ihn f\u00fcr unser n\u00e4chstes Treffen bei sich daheim besucht und auch seine Kinder kennengelernt.<\/p>\n\n\n<div class=\"wp-block-image\">\n<figure class=\"aligncenter size-large is-resized\"><img loading=\"lazy\" decoding=\"async\" width=\"1024\" height=\"768\" src=\"https:\/\/landverliebt.de\/magazin\/wp-content\/uploads\/sites\/32\/2023\/09\/Jutta-und-Heinz1-1-1024x768.jpg\" alt=\"Die Erfolgsgeschichte Jutta (64) und Heinz (75) auf Landverliebt\" class=\"wp-image-1412\" style=\"width:500px;height:undefinedpx\" srcset=\"https:\/\/landverliebt.de\/magazin\/wp-content\/uploads\/sites\/32\/2023\/09\/Jutta-und-Heinz1-1-1024x768.jpg 1024w, https:\/\/landverliebt.de\/magazin\/wp-content\/uploads\/sites\/32\/2023\/09\/Jutta-und-Heinz1-1-300x225.jpg 300w, https:\/\/landverliebt.de\/magazin\/wp-content\/uploads\/sites\/32\/2023\/09\/Jutta-und-Heinz1-1-768x576.jpg 768w, https:\/\/landverliebt.de\/magazin\/wp-content\/uploads\/sites\/32\/2023\/09\/Jutta-und-Heinz1-1-1536x1152.jpg 1536w, https:\/\/landverliebt.de\/magazin\/wp-content\/uploads\/sites\/32\/2023\/09\/Jutta-und-Heinz1-1-800x600.jpg 800w, https:\/\/landverliebt.de\/magazin\/wp-content\/uploads\/sites\/32\/2023\/09\/Jutta-und-Heinz1-1-1200x900.jpg 1200w, https:\/\/landverliebt.de\/magazin\/wp-content\/uploads\/sites\/32\/2023\/09\/Jutta-und-Heinz1-1.jpg 1600w\" sizes=\"auto, (max-width: 1024px) 100vw, 1024px\" \/><figcaption class=\"wp-element-caption\">Jutta und Heinz<\/figcaption><\/figure>\n<\/div>\n\n\n<p><br>Ich mag seine Art und auch seine Z\u00e4rtlichkeit sehr. Wir wissen voneinander, was wir denken, und das schon nach so kurzer Zeit. Wir fragen uns, wie das in so kurzer Zeit so gut passen kann. Uns verbinden so viele Gemeinsamkeiten, wir m\u00f6gen das gleiche Essen, haben die gleichen Interessen und verstehen uns einfach super. Auch wenn wir beide gesundheitlich eingeschr\u00e4nkt sind, arrangieren wir uns gut, reden viel und auch unsere verstorbenen Ehepartner sind kein Tabuthema, denn das geh\u00f6rt f\u00fcr uns einfach dazu. Wir hatten beide ein Leben, bevor wir uns trafen.<br><br>Der Altersunterschied ist uns egal und wir wollen beide, dass es eine Fernbeziehung bleibt. Wir haben jeweils ein Haus und sind an unseren Wohnorten mit unseren Familien, Freunden und Hobbys verwurzelt. Da wir beide schon im Ruhestand sind, sind wir zeitlich flexibel und k\u00f6nnen auch mal mehrere Tage beim anderen verbringen. Wir haben bereits alle Treffen und Termine bis Silvester besprochen und unser gemeinsames Leben geplant.<\/p>\n\n\n\n<div class=\"wp-block-buttons is-layout-flex wp-block-buttons-is-layout-flex\">\n<div class=\"wp-block-button\"><a class=\"wp-block-button__link has-white-color has-text-color has-background wp-element-button\" href=\"https:\/\/landverliebt.de\/?AID=magazin_erfolgsgeschichte_juttaundheinz\" style=\"background-color:#aa1e23\" target=\"_blank\" rel=\"noreferrer noopener\">Zu Landverliebt<\/a><\/div>\n<\/div>\n","protected":false},"excerpt":{"rendered":"<p>Heinz schrieb mir eine Nachricht auf Landverliebt, in der er auf mein Profil und unsere Wohnorte einging. Er fragte, ob wir zusammen einen Kaffee trinken&#8230;<\/p>\n","protected":false},"author":12,"featured_media":1411,"comment_status":"closed","ping_status":"closed","sticky":false,"template":"","format":"standard","meta":{"footnotes":""},"categories":[355],"tags":[],"class_list":["post-1410","post","type-post","status-publish","format-standard","has-post-thumbnail","hentry","category-erfolgsgeschichten"],"_links":{"self":[{"href":"https:\/\/landverliebt.de\/magazin\/wp-json\/wp\/v2\/posts\/1410","targetHints":{"allow":["GET"]}}],"collection":[{"href":"https:\/\/landverliebt.de\/magazin\/wp-json\/wp\/v2\/posts"}],"about":[{"href":"https:\/\/landverliebt.de\/magazin\/wp-json\/wp\/v2\/types\/post"}],"author":[{"embeddable":true,"href":"https:\/\/landverliebt.de\/magazin\/wp-json\/wp\/v2\/users\/12"}],"replies":[{"embeddable":true,"href":"https:\/\/landverliebt.de\/magazin\/wp-json\/wp\/v2\/comments?post=1410"}],"version-history":[{"count":4,"href":"https:\/\/landverliebt.de\/magazin\/wp-json\/wp\/v2\/posts\/1410\/revisions"}],"predecessor-version":[{"id":1673,"href":"https:\/\/landverliebt.de\/magazin\/wp-json\/wp\/v2\/posts\/1410\/revisions\/1673"}],"wp:featuredmedia":[{"embeddable":true,"href":"https:\/\/landverliebt.de\/magazin\/wp-json\/wp\/v2\/media\/1411"}],"wp:attachment":[{"href":"https:\/\/landverliebt.de\/magazin\/wp-json\/wp\/v2\/media?parent=1410"}],"wp:term":[{"taxonomy":"category","embeddable":true,"href":"https:\/\/landverliebt.de\/magazin\/wp-json\/wp\/v2\/categories?post=1410"},{"taxonomy":"post_tag","embeddable":true,"href":"https:\/\/landverliebt.de\/magazin\/wp-json\/wp\/v2\/tags?post=1410"}],"curies":[{"name":"wp","href":"https:\/\/api.w.org\/{rel}","templated":true}]}}