{"id":1417,"date":"2023-09-20T14:26:47","date_gmt":"2023-09-20T14:26:47","guid":{"rendered":"https:\/\/landverliebt.de\/magazin\/?p=1417"},"modified":"2025-01-09T22:40:50","modified_gmt":"2025-01-09T22:40:50","slug":"erfolgsgeschichte-andrea-und-udo","status":"publish","type":"post","link":"https:\/\/landverliebt.de\/magazin\/erfolgsgeschichte-andrea-und-udo\/","title":{"rendered":"Erfolgsgeschichte Andrea (60) und Udo (54)"},"content":{"rendered":"\n<p><em>UPDATE<\/em><\/p>\n\n\n\n<p><em>Wir werden im September 2024 heiraten! Da ich ein gro\u00dfer Wikinger-Fan bin und Udo keltische Musik liebt und selbst auch Gitarre spielt, haben wir uns f\u00fcr eine keltische Hochzeit entschieden. Die Hochzeit soll im Freien stattfinden und aufgrund des Mottos ist Kost\u00fcmpflicht. Wir freuen uns schon sehr auf diesen besonderen Tag und sind schon dabei Dekoartikel haupts\u00e4chlich aus Naturmaterialien zu besorgen, es d\u00fcrfen aber auch nicht Totensch\u00e4del und Raben fehlen.<\/em><\/p>\n\n\n\n<p><em>Au\u00dferdem haben wir ein tolles Haus in \u00d6sterreich gefunden und werden dann in ca. 2 Jahren nach \u00d6sterreich auswandern. Sozusagen auf die Sonnenseite des Lebens nach K\u00e4rnten. Es ist ein Zweifamilienhaus und wir k\u00f6nnen uns gut vorstellen, eine Einheit als Ferienwohnung zu vermieten. Das wird die Zeit zeigen.<\/em><\/p>\n\n\n\n<p><em>H\u00e4tte mir jemand vor einem dreiviertel Jahr gesagt, wie ich heute hier stehe, h\u00e4tte ich ihm den Vogel gezeigt. Jeder Tag in unserer Beziehung ist spannend und aufregend und noch nie ist ein b\u00f6ses Wort zwischen uns gefallen. Wir sind beide Steinb\u00f6cke, was diese Harmonie zwischen uns noch unerkl\u00e4rlicher macht. Aber es passt einfach.<\/em><\/p>\n\n\n\n<p><em>Bis zu unserem Umzug und der Auswanderung nach \u00d6sterreich f\u00fchren wir weiterhin eine Fernbeziehung und wohnen ca. 90 Kilometer voneinander entfernt. Das ist f\u00fcr uns beide aber nach wie vor in Ordnung und wir f\u00fchlen uns wohl damit.<\/em><\/p>\n\n\n<div class=\"wp-block-image\">\n<figure class=\"aligncenter size-full is-resized\"><img loading=\"lazy\" decoding=\"async\" width=\"480\" height=\"640\" src=\"https:\/\/landverliebt.de\/magazin\/wp-content\/uploads\/sites\/32\/2023\/09\/Andrea-und-Udo2-1-rotated.jpg\" alt=\"Die gro\u00dfe Erfolgsgeschichte von Andrea und Udo auf Landverliebt\" class=\"wp-image-1420\" style=\"width:400px;height:undefinedpx\" srcset=\"https:\/\/landverliebt.de\/magazin\/wp-content\/uploads\/sites\/32\/2023\/09\/Andrea-und-Udo2-1-rotated.jpg 480w, https:\/\/landverliebt.de\/magazin\/wp-content\/uploads\/sites\/32\/2023\/09\/Andrea-und-Udo2-1-225x300.jpg 225w\" sizes=\"auto, (max-width: 480px) 100vw, 480px\" \/><\/figure>\n<\/div>\n\n\n<p>In Udos Profil fiel mir sofort auf, dass er \u2013 genau wie ich &#8211; gerne auf die Jagd geht. Neben der Jagd gab es noch ein weiteres Detail in Udos Profil, das mein Interesse weckte. Er spielt das Parforcehorn, eine Art Jagdhorn, das im Zusammenhang mit der Jagd als kunstvolle Tradition gilt.<\/p>\n\n\n\n<p>Da mir sein Profil sehr gut gefiel habe ich ihn angeschrieben und bin auf unsere Gemeinsamkeiten eingegangen. Nach dem ersten sehr angenehmen Kontakt war das gegenseitige Interesse geweckt. Udo war zu dieser Zeit beruflich auf einem Workshop, so dass wir zun\u00e4chst nur Nachrichten austauschten, bevor wir uns dann zwei Wochen sp\u00e4ter zum ersten Mal trafen.<\/p>\n\n\n\n<p>Das erste Treffen fand im Gr\u00fcnen statt, da es uns beiden wichtig war, uns auf \u201eneutralem\u201c Boden zu treffen. Wir haben uns f\u00fcr ein Treffen in der Natur entschieden, weil wir beide gerne drau\u00dfen unterwegs sind und die Natur lieben.<\/p>\n\n\n\n<p>Das zweite Treffen fand dann bei mir in Pforzheim statt und inzwischen habe ich ihn auch schon bei sich zu Hause besucht. In ein paar Tagen starten wir in unseren ersten gemeinsamen Urlaub \u2013 wir fahren nach K\u00e4rnten in \u00d6sterreich in eine Ferienwohnung. Wir werden wandern, Pilze sammeln, einige Sehensw\u00fcrdigkeiten in K\u00e4rnten besichtigen und die Natur genie\u00dfen. Wir freuen uns sehr auf den gemeinsamen Urlaub, da wir beide unter der Woche wenig Zeit haben und die Wochenenden auch oft sehr voll sind.<\/p>\n\n\n<div class=\"wp-block-image\">\n<figure class=\"aligncenter size-full is-resized\"><img loading=\"lazy\" decoding=\"async\" width=\"640\" height=\"575\" src=\"https:\/\/landverliebt.de\/magazin\/wp-content\/uploads\/sites\/32\/2023\/09\/Andrea-und-Udo.jpg\" alt=\"Die Erfolgsgeschichte von Andrea und Udo auf Landverliebt\" class=\"wp-image-1418\" style=\"width:400px;height:undefinedpx\" srcset=\"https:\/\/landverliebt.de\/magazin\/wp-content\/uploads\/sites\/32\/2023\/09\/Andrea-und-Udo.jpg 640w, https:\/\/landverliebt.de\/magazin\/wp-content\/uploads\/sites\/32\/2023\/09\/Andrea-und-Udo-300x270.jpg 300w\" sizes=\"auto, (max-width: 640px) 100vw, 640px\" \/><\/figure>\n<\/div>\n\n\n<p>Die Vertrautheit zwischen uns w\u00e4chst schnell und es ist, als w\u00fcrden wir uns schon eine Ewigkeit kennen. Es gibt so viele Gemeinsamkeiten, angefangen von unseren Interessen bis hin zur offenen Art, wie wir miteinander reden. Diese au\u00dfergew\u00f6hnliche Verbundenheit ist f\u00fcr uns unerkl\u00e4rlich und doch gro\u00dfartig. Wir f\u00fchlen uns einfach sehr wohl zusammen.<\/p>\n\n\n\n<p>Leider werden wir in der n\u00e4chsten Zeit aus verschiedenen Gr\u00fcnden noch eine Fernbeziehung f\u00fchren. Aber f\u00fcr die Zukunft ist alles offen und m\u00f6glich. Wir k\u00f6nnen uns sogar beide vorstellen, irgendwann nach \u00d6sterreich auszuwandern.<\/p>\n\n\n\n<div class=\"wp-block-buttons is-layout-flex wp-block-buttons-is-layout-flex\">\n<div class=\"wp-block-button\"><a class=\"wp-block-button__link has-white-color has-text-color has-background wp-element-button\" href=\"https:\/\/landverliebt.de\/?AID=magazin_erfolgsgeschichte_andreaundudo\" style=\"background-color:#aa1e23\">Zu Landverliebt<\/a><\/div>\n<\/div>\n","protected":false},"excerpt":{"rendered":"<p>UPDATE Wir werden im September 2024 heiraten! Da ich ein gro\u00dfer Wikinger-Fan bin und Udo keltische Musik liebt und selbst auch Gitarre spielt, haben wir&#8230;<\/p>\n","protected":false},"author":12,"featured_media":1418,"comment_status":"closed","ping_status":"closed","sticky":false,"template":"","format":"standard","meta":{"footnotes":""},"categories":[355],"tags":[],"class_list":["post-1417","post","type-post","status-publish","format-standard","has-post-thumbnail","hentry","category-erfolgsgeschichten"],"_links":{"self":[{"href":"https:\/\/landverliebt.de\/magazin\/wp-json\/wp\/v2\/posts\/1417","targetHints":{"allow":["GET"]}}],"collection":[{"href":"https:\/\/landverliebt.de\/magazin\/wp-json\/wp\/v2\/posts"}],"about":[{"href":"https:\/\/landverliebt.de\/magazin\/wp-json\/wp\/v2\/types\/post"}],"author":[{"embeddable":true,"href":"https:\/\/landverliebt.de\/magazin\/wp-json\/wp\/v2\/users\/12"}],"replies":[{"embeddable":true,"href":"https:\/\/landverliebt.de\/magazin\/wp-json\/wp\/v2\/comments?post=1417"}],"version-history":[{"count":3,"href":"https:\/\/landverliebt.de\/magazin\/wp-json\/wp\/v2\/posts\/1417\/revisions"}],"predecessor-version":[{"id":1656,"href":"https:\/\/landverliebt.de\/magazin\/wp-json\/wp\/v2\/posts\/1417\/revisions\/1656"}],"wp:featuredmedia":[{"embeddable":true,"href":"https:\/\/landverliebt.de\/magazin\/wp-json\/wp\/v2\/media\/1418"}],"wp:attachment":[{"href":"https:\/\/landverliebt.de\/magazin\/wp-json\/wp\/v2\/media?parent=1417"}],"wp:term":[{"taxonomy":"category","embeddable":true,"href":"https:\/\/landverliebt.de\/magazin\/wp-json\/wp\/v2\/categories?post=1417"},{"taxonomy":"post_tag","embeddable":true,"href":"https:\/\/landverliebt.de\/magazin\/wp-json\/wp\/v2\/tags?post=1417"}],"curies":[{"name":"wp","href":"https:\/\/api.w.org\/{rel}","templated":true}]}}