{"id":1449,"date":"2023-11-10T10:32:38","date_gmt":"2023-11-10T10:32:38","guid":{"rendered":"https:\/\/landverliebt.de\/magazin\/?p=1449"},"modified":"2025-01-09T22:47:13","modified_gmt":"2025-01-09T22:47:13","slug":"erfolgsgeschichte-astrid-und-steffen","status":"publish","type":"post","link":"https:\/\/landverliebt.de\/magazin\/erfolgsgeschichte-astrid-und-steffen\/","title":{"rendered":"Erfolgsgeschichte Astrid (54) und Steffen (54)"},"content":{"rendered":"\n<p>Steffen schickte mir einen Smiley und so kamen wir am 5. Januar 2023 ins Gespr\u00e4ch. Unsere Profile kannten wir schon von einer anderen Singleb\u00f6rse, aber so richtig ins Schreiben kamen wir erst bei Landverliebt. Mir gefiel sein Schnappschuss sehr gut und au\u00dferdem hatte Steffen einen sch\u00f6nen Spruch in seinem Profil, etwas Nachdenkliches, das mich direkt angesprochen hat.<\/p>\n\n\n\n<p>Nach drei Tagen und einigen Nachrichten haben wir das erste Mal telefoniert. Auf Anhieb haben wir uns auch am Telefon super verstanden und haben ab dann t\u00e4glich telefoniert. Unser l\u00e4ngstes Telefonat dauerte 7,5 Stunden \ud83d\ude0a.<\/p>\n\n\n\n<p>Wir wohnen noch 814 Kilometer voneinander entfernt. Steffen lebt in Mecklenburg-Vorpommern an der M\u00fcritz und ich in Baden-W\u00fcrttemberg. Urspr\u00fcnglich komme ich aber aus Brandenburg und habe dort auch noch ein kleines H\u00e4uschen. Dass wir uns auf Landverliebt gefunden haben, liegt daran, dass ich in meinem Profil meinen Heimatort angegeben habe.<\/p>\n\n\n<div class=\"wp-block-image\">\n<figure class=\"aligncenter size-large is-resized\"><img loading=\"lazy\" decoding=\"async\" width=\"1024\" height=\"768\" src=\"https:\/\/landverliebt.de\/magazin\/wp-content\/uploads\/sites\/32\/2023\/11\/IMG-20231109-WA0006-002-1024x768.jpg\" alt=\"Die tolle Erfolgsgeschichte von Astrid und Steffen hier auf Landverliebt\" class=\"wp-image-1450\" style=\"width:500px\" srcset=\"https:\/\/landverliebt.de\/magazin\/wp-content\/uploads\/sites\/32\/2023\/11\/IMG-20231109-WA0006-002-1024x768.jpg 1024w, https:\/\/landverliebt.de\/magazin\/wp-content\/uploads\/sites\/32\/2023\/11\/IMG-20231109-WA0006-002-300x225.jpg 300w, https:\/\/landverliebt.de\/magazin\/wp-content\/uploads\/sites\/32\/2023\/11\/IMG-20231109-WA0006-002-768x576.jpg 768w, https:\/\/landverliebt.de\/magazin\/wp-content\/uploads\/sites\/32\/2023\/11\/IMG-20231109-WA0006-002-1536x1152.jpg 1536w, https:\/\/landverliebt.de\/magazin\/wp-content\/uploads\/sites\/32\/2023\/11\/IMG-20231109-WA0006-002-800x600.jpg 800w, https:\/\/landverliebt.de\/magazin\/wp-content\/uploads\/sites\/32\/2023\/11\/IMG-20231109-WA0006-002-1200x900.jpg 1200w, https:\/\/landverliebt.de\/magazin\/wp-content\/uploads\/sites\/32\/2023\/11\/IMG-20231109-WA0006-002.jpg 1600w\" sizes=\"auto, (max-width: 1024px) 100vw, 1024px\" \/><\/figure>\n<\/div>\n\n\n<p>F\u00fcr mich ist die Entfernung kein Hindernis, sich kennenzulernen. Das kann trotzdem was werden! So wie bei uns. Die Entfernung sollte kein Grund sein, jemanden nicht kennenlernen zu wollen und ich m\u00f6chte auch andere ermutigen, \u00fcber ihren Schatten zu springen und es zu versuchen. Es kann immer sein, dass das Nonplusultra dabei ist.<\/p>\n\n\n\n<p>Ende Januar haben wir uns zum ersten Mal getroffen. Ich bin nach Brandenburg gefahren und wir waren beide sehr aufgeregt. Entweder es passt oder es passt nicht, das kann man nur bei einem richtigen Treffen herausfinden. Bei uns hat es zum Gl\u00fcck gepasst, und zwar richtig gut. Wir schauen jetzt, dass zwischen unseren Treffen nicht mehr als 5-6 Wochen liegen, das ist nicht immer ganz einfach, aber wir kriegen das gut hin.<\/p>\n\n\n\n<p>N\u00e4chstes Jahr ziehe ich wieder in den Norden und wir ziehen zusammen. Dann kennen wir uns 1,5 Jahre und wenn wir in dieser Zeit nichts gefunden haben, was uns am anderen st\u00f6rt, dann k\u00f6nnen wir auch guten Gewissens zusammenziehen. Bis jetzt sieht es sehr gut aus \ud83d\ude0a .<\/p>\n\n\n\n<p>Wir haben viele gemeinsame Hobbys, wir gehen beide gerne auf die Jagd und arbeiten gerne im Garten. Au\u00dferdem haben wir jeder 2 Jagdhunde, die sich super verstehen. So sind wir zu sechst sehr zufrieden und gl\u00fccklich.<\/p>\n\n\n\n<p>Es gibt noch zwei lustige Sachen: Ein Bekannter von mir aus Brandenburg kennt Steffen, was wirklich ein gro\u00dfer Zufall ist, weil mein Heimatort und Steffens Wohnort auch noch etwa 100 Kilometer auseinander liegen. Au\u00dferdem haben sowohl mein H\u00e4uschen in Brandenburg als auch sein Haus in Mecklenburg-Vorpommern die Hausnummer 13A. Wenn das kein Schicksal ist \ud83d\ude0a.<\/p>\n\n\n\n<div class=\"wp-block-buttons is-horizontal is-content-justification-left is-layout-flex wp-container-core-buttons-is-layout-f4f497dd wp-block-buttons-is-layout-flex\">\n<div class=\"wp-block-button is-style-fill\"><a class=\"wp-block-button__link has-white-color has-text-color has-background wp-element-button\" href=\"https:\/\/landverliebt.de\/?AID=magazin_erfolgsgeschichte_astridundsteffen\" style=\"border-radius:34px;background-color:#aa1e23\" target=\"_blank\" rel=\"noreferrer noopener\">Singles auf Landverliebt finden<\/a><\/div>\n<\/div>\n","protected":false},"excerpt":{"rendered":"<p>Steffen schickte mir einen Smiley und so kamen wir am 5. Januar 2023 ins Gespr\u00e4ch. Unsere Profile kannten wir schon von einer anderen Singleb\u00f6rse, aber&#8230;<\/p>\n","protected":false},"author":12,"featured_media":1450,"comment_status":"closed","ping_status":"closed","sticky":false,"template":"","format":"standard","meta":{"footnotes":""},"categories":[355],"tags":[],"class_list":["post-1449","post","type-post","status-publish","format-standard","has-post-thumbnail","hentry","category-erfolgsgeschichten"],"_links":{"self":[{"href":"https:\/\/landverliebt.de\/magazin\/wp-json\/wp\/v2\/posts\/1449","targetHints":{"allow":["GET"]}}],"collection":[{"href":"https:\/\/landverliebt.de\/magazin\/wp-json\/wp\/v2\/posts"}],"about":[{"href":"https:\/\/landverliebt.de\/magazin\/wp-json\/wp\/v2\/types\/post"}],"author":[{"embeddable":true,"href":"https:\/\/landverliebt.de\/magazin\/wp-json\/wp\/v2\/users\/12"}],"replies":[{"embeddable":true,"href":"https:\/\/landverliebt.de\/magazin\/wp-json\/wp\/v2\/comments?post=1449"}],"version-history":[{"count":10,"href":"https:\/\/landverliebt.de\/magazin\/wp-json\/wp\/v2\/posts\/1449\/revisions"}],"predecessor-version":[{"id":1658,"href":"https:\/\/landverliebt.de\/magazin\/wp-json\/wp\/v2\/posts\/1449\/revisions\/1658"}],"wp:featuredmedia":[{"embeddable":true,"href":"https:\/\/landverliebt.de\/magazin\/wp-json\/wp\/v2\/media\/1450"}],"wp:attachment":[{"href":"https:\/\/landverliebt.de\/magazin\/wp-json\/wp\/v2\/media?parent=1449"}],"wp:term":[{"taxonomy":"category","embeddable":true,"href":"https:\/\/landverliebt.de\/magazin\/wp-json\/wp\/v2\/categories?post=1449"},{"taxonomy":"post_tag","embeddable":true,"href":"https:\/\/landverliebt.de\/magazin\/wp-json\/wp\/v2\/tags?post=1449"}],"curies":[{"name":"wp","href":"https:\/\/api.w.org\/{rel}","templated":true}]}}